{"id":70,"date":"2014-10-04T18:06:40","date_gmt":"2014-10-04T18:06:40","guid":{"rendered":"http:\/\/www.supertal.com\/?p=70"},"modified":"2014-10-12T21:13:57","modified_gmt":"2014-10-12T21:13:57","slug":"volvo-ocean-race-1a-carrera","status":"publish","type":"post","link":"https:\/\/www.supertal.com\/?p=70","title":{"rendered":"Volvo Ocean Race: 1\u00aa Carrera"},"content":{"rendered":"<p>La Volvo Ocean Race es mucho m\u00e1s que una carrera de vela. Trae consigo una gran variedad de actividades y espect\u00e1culo para todo el p\u00fablico asistente que puede disfrutar durante todo el d\u00eda en las instalaciones portuarias.<\/p>\n<p>Hemos podido ver <strong>paracaidistas<\/strong>.<br \/>\n<center><img decoding=\"async\" src=\"https:\/\/farm6.staticflickr.com\/5601\/15435845651_5dae0ea107.jpg\" alt=\"Paracaidismo\" \/><\/center><\/p>\n<p>Saltos en <strong>ca\u00edda libre<\/strong> sobre colch\u00f3n de aire.<br \/>\n<center><img decoding=\"async\" src=\"https:\/\/farm3.staticflickr.com\/2942\/15435828931_0fdf66f8f1.jpg\" alt=\"Saltos\" \/><\/center><\/p>\n<p>Espect\u00e1culo a\u00e9reo por parte de la <strong>Patrulla \u00c1guila<\/strong>.<br \/>\n<center><img decoding=\"async\" src=\"https:\/\/farm4.staticflickr.com\/3929\/15438667332_90414a0898.jpg\" alt=\"Patrulla \u00c1guila\" \/><\/center><\/p>\n<p>Exhibici\u00f3n de <strong>artes marciales<\/strong>.<br \/>\n<center><img decoding=\"async\" src=\"https:\/\/farm4.staticflickr.com\/3929\/15438662362_bd0a27880b.jpg\" alt=\"Artes marciales\" \/><\/center><\/p>\n<p>Seg\u00fan comunicado oficial, El MAPFRE de Iker Mart\u00ednez ha quedado tercero en la primera In-Port de la Volvo Ocean Race 2014-15 que ha ganado el equipo de bandera turco-americana Team Alvimedica, y que ha completado Abu Dhabi Ocean Racing en segundo lugar.<\/p>\n<p>Se promet\u00eda emoci\u00f3n con los nuevos monotipos, y la prueba inaugural ha estado a la altura: Alvimedica, los debutantes o novatos, como muchos se han referido a ellos, han ganado la primera In-Port de la edici\u00f3n n\u00ba 12 de la Volvo Ocean Race 2014-15 que ha tenido lugar hoy en Alicante. Charlie Enright y Mark Towill comenzaron a so\u00f1ar con la Volvo Ocean Race mientras actuaban en una pel\u00edcula de Disney, Morning Light, junto a veteranos de la regata hace diez a\u00f1os, y el estreno les ha ido de cine.<\/p>\n<p><center><img decoding=\"async\" src=\"https:\/\/farm6.staticflickr.com\/5599\/15252423348_9611140afa.jpg\" alt=\"Alvim\u00e9dica: Podium primera prueba\" \/><\/center><\/p>\n<p>El MAPFRE de Iker Mart\u00ednez, por su parte, tambi\u00e9n ha comenzado con muy buen pie, quedando terceros, por detr\u00e1s de Abu Dhabi Ocean Racing, el equipo de Ian Walker que lleva m\u00e1s de un a\u00f1o de preparaci\u00f3n, y en el que navega el gallego Chuny Berm\u00fadez, un proyecto que cumple con \u00e9sta su segunda edici\u00f3n. Cuarto ha sido Team Brunel, del veterano de la regata Bouwe Bekking, para quien \u00e9sta es su s\u00e9ptima participaci\u00f3n, y con el c\u00e1ntabro Pablo Arrarte a bordo. Dongfeng Race Team, Team SCA y Team Vestas Wind han cerrado la clasificaci\u00f3n de una regata especialmente accidentada para los daneses patrocinados por el fabricante de aerogeneradores, a quienes se les ha enganchado la escota del spinnaker en la pala del tim\u00f3n.<\/p>\n<p><center><img decoding=\"async\" src=\"https:\/\/farm4.staticflickr.com\/3936\/15252327410_b5b3ddb65d.jpg\" alt=\"Equipo Mapfre\" \/><\/center><\/p>\n<p>La In-Port o costera de Alicante daba comienzo frente a la Playa del Postiguet, con un viento de 10 a 12 nudos del 190\u00ba y cielos despejados, que permit\u00eda dar la salida a las 14:00 horas como previsto. Toda la flota ha intentado salir por el pin que estaba claramente favorecido, tal y como explicaba el patr\u00f3n de MAPFRE Iker Mart\u00ednez nada m\u00e1s llegar al pantal\u00e1n del Muelle de Levante tras la prueba. \u00abLa salida ha sido muy dif\u00edcil. Hemos peleado pero nada m\u00e1s salir se nos ha estropeado una pieza del foque y se ha descolgado para abajo, con lo cual hemos perdido cierta velocidad (&#8230;) Nos hemos quedado un poco atrapados en la \u00faltima posici\u00f3n (&#8230;) La actitud de la gente ha sido muy, muy buena y poquito a poco hemos ido pasando a uno, a otro. (&#8230;) No hay mejor manera de empezar, as\u00ed que estamos muy, muy contentos. El objetivo est\u00e1 m\u00e1s que cumplido. Estar aqu\u00ed en el podio (terceros) es para nosotros la bomba. Sabemos d\u00f3nde estamos y sabemos que nos hace falta mucha preparaci\u00f3n, pero lo que tambi\u00e9n hace falta es actitud y la de hoy ha sido fant\u00e1stica\u00bb. El proa del equipo, el santanderino Antonio \u00ab\u00d1eti\u00bb Cuervas-Mons, compart\u00eda las sensaciones de su patr\u00f3n: \u00abLas maniobras las hemos hecho todas muy bien, es m\u00e1s, creo que hemos sido el barco que mejor ha maniobrado de toda la flota, lo que nos ha permitido hacer una t\u00e1ctica agresiva, apretar en las boyas y apurar en las izadas y en las arriadas\u00bb.<br \/>\nCharlie Enright, l\u00edder de la tripulaci\u00f3n americana del Team Alvimedica, se mostraba satisfecho. \u00abLos chicos han hecho un trabajo incre\u00edble, lo necesit\u00e1bamos, y aunque no cuenta para la clasificaci\u00f3n general, ha sido un d\u00eda fant\u00e1stico\u00bb. Las emociones del equipo de bandera turco-americana se resum\u00edan perfectamente con las palabras de su navegante, el australiano Will Oxley (AU): \u00abNo esper\u00e1bamos ganar, pero hemos navegado muy bien. Est\u00e1n pasando muchas cosas, llevaba un medidor del ritmo cardiaco puesto durante la regata \u00a1Que ha marcado picos de 170, y una media de 135!\u00bb.<\/p>\n<p><center><img decoding=\"async\" src=\"https:\/\/farm3.staticflickr.com\/2948\/15435840111_263eefa0c6.jpg\" alt=\"Volvo Ocean Race\" \/><\/center><\/p>\n<p>Si bien las regatas In-Port no cuentan para la clasificaci\u00f3n general, s\u00ed que pueden resultar decisivas en caso de empate, pues ganar\u00eda la Volvo Ocean Race el equipo con mejor resultado en estas series. La primera etapa oce\u00e1nica de la Volvo Ocean Race 2014-15 comenzar\u00e1 el pr\u00f3ximo s\u00e1bado 11 de octubre a las 14:00 horas en Alicante, cuando la flota saldr\u00e1 camino de Ciudad del Cabo en la carrera por los mares m\u00e1s extrema que existe. <\/p>\n<p><strong>Clasificaci\u00f3n 1\u00aa regata In-Port Volvo Ocean Race 2014-15<\/strong><br \/>\n1. Team Alvimedica 14:52:02 &#8211; 1pt<br \/>\n2. Abu Dhabi Ocean Racing 14:52:07 &#8211; 2pts<br \/>\n3. <strong>MAPFRE<\/strong> 14:52:27 &#8211; 3pts<br \/>\n4. Team Brunel 14:52:48 &#8211; 4pts<br \/>\n5. Dongfeng Race Team 14:53:14 &#8211; 5pts<br \/>\n6. Team SCA 14:53:51 &#8211; 6pts<br \/>\n7. Team Vestas Wind 14:55:24 &#8211; 7pts<\/p>\n<p>Para ver m\u00e1s fotos: <a href=\"http:\/\/adf.ly\/soebf\" title=\"Fotos Volvo Ocean Race 2014\" target=\"_blank\">visita mi flickr<\/a><\/p>\n","protected":false},"excerpt":{"rendered":"<p>La Volvo Ocean Race es mucho m\u00e1s que una carrera de vela. Trae consigo una gran variedad de actividades y espect\u00e1culo para todo el p\u00fablico asistente que puede disfrutar durante todo el d\u00eda en las instalaciones portuarias. Hemos podido ver paracaidistas. Saltos en ca\u00edda libre sobre colch\u00f3n de aire. Espect\u00e1culo a\u00e9reo por parte de la &hellip; <a href=\"https:\/\/www.supertal.com\/?p=70\" class=\"more-link\">Seguir leyendo <span class=\"screen-reader-text\">Volvo Ocean Race: 1\u00aa Carrera<\/span> <span class=\"meta-nav\">&rarr;<\/span><\/a><\/p>\n","protected":false},"author":1,"featured_media":0,"comment_status":"open","ping_status":"open","sticky":false,"template":"","format":"standard","meta":{"footnotes":""},"categories":[1],"tags":[],"class_list":["post-70","post","type-post","status-publish","format-standard","hentry","category-sin-categoria"],"_links":{"self":[{"href":"https:\/\/www.supertal.com\/index.php?rest_route=\/wp\/v2\/posts\/70"}],"collection":[{"href":"https:\/\/www.supertal.com\/index.php?rest_route=\/wp\/v2\/posts"}],"about":[{"href":"https:\/\/www.supertal.com\/index.php?rest_route=\/wp\/v2\/types\/post"}],"author":[{"embeddable":true,"href":"https:\/\/www.supertal.com\/index.php?rest_route=\/wp\/v2\/users\/1"}],"replies":[{"embeddable":true,"href":"https:\/\/www.supertal.com\/index.php?rest_route=%2Fwp%2Fv2%2Fcomments&post=70"}],"version-history":[{"count":4,"href":"https:\/\/www.supertal.com\/index.php?rest_route=\/wp\/v2\/posts\/70\/revisions"}],"predecessor-version":[{"id":75,"href":"https:\/\/www.supertal.com\/index.php?rest_route=\/wp\/v2\/posts\/70\/revisions\/75"}],"wp:attachment":[{"href":"https:\/\/www.supertal.com\/index.php?rest_route=%2Fwp%2Fv2%2Fmedia&parent=70"}],"wp:term":[{"taxonomy":"category","embeddable":true,"href":"https:\/\/www.supertal.com\/index.php?rest_route=%2Fwp%2Fv2%2Fcategories&post=70"},{"taxonomy":"post_tag","embeddable":true,"href":"https:\/\/www.supertal.com\/index.php?rest_route=%2Fwp%2Fv2%2Ftags&post=70"}],"curies":[{"name":"wp","href":"https:\/\/api.w.org\/{rel}","templated":true}]}}