{"id":60,"date":"2014-09-28T14:47:02","date_gmt":"2014-09-28T14:47:02","guid":{"rendered":"http:\/\/www.supertal.com\/?p=60"},"modified":"2014-09-28T14:47:02","modified_gmt":"2014-09-28T14:47:02","slug":"alicomic-1er-salon-del-comic","status":"publish","type":"post","link":"https:\/\/www.supertal.com\/?p=60","title":{"rendered":"Alic\u00f3mic: 1er. Sal\u00f3n del c\u00f3mic"},"content":{"rendered":"<p>El la Instituci\u00f3n Ferial Alicantina (IFA) se ha celebrado el primer sal\u00f3n del c\u00f3mic los d\u00edas 27 y 28 de Septiembre. Re\u00fane todo lo referente a las <strong>tem\u00e1ticas<\/strong> del c\u00f3mic, los juegos de rol, juegos de mesa, los videojuegos, las series de televisi\u00f3n, cine, m\u00fasica, etc.<\/p>\n<p><img decoding=\"async\" src=\"http:\/\/vgcomic.com\/wp-content\/uploads\/2014\/01\/Cabecera_Sal%C3%B3n-del-C%C3%B3mic-VGC_02.png\" alt=\"Sal\u00f3n del c\u00f3mic\" width=\"500\"\/><\/p>\n<p>Una completa programaci\u00f3n con <strong>eventos<\/strong> de todo tipo como conciertos, talleres, campeonatos de videojuegos, de juegos de mesa, concurso cosplay, debates y conferencias, etc.<\/p>\n<p>Por otra parte, cabe destacar el gran despliegue de stands en la <strong>zona market<\/strong> donde se pon\u00edan a la venta todas las novedades relacionadas con estos temas.<\/p>\n<p>Cabe destacar el concierto dado por el grupo <strong>TEMPLETON<\/strong>, que interpret\u00f3 las canciones de Hora de Aventuras en la versi\u00f3n espa\u00f1ola. El grupo c\u00e1ntabro, aunque asentado en Madrid, est\u00e1 compuesto por \u00c1lvaro Mart\u00ednez (Voz), Santiago Castillo (Guitarra y coros), Brian Hunt (Guitarra y coros), Javier Carrasco (Teclados y coros), Pablo Z (Bajo) y Gonzalo Mamano (Bater\u00eda). Firmaron aut\u00f3grafos a todos los fans que acudieron al mismo.<\/p>\n<p>Las fotos las puedes en flickr, <a href=\"http:\/\/adf.ly\/sQvFN\" title=\"Sal\u00f3n del c\u00f3mic - Alicante 2014\" target=\"_blank\">aqu\u00ed<\/a><\/p>\n","protected":false},"excerpt":{"rendered":"<p>El la Instituci\u00f3n Ferial Alicantina (IFA) se ha celebrado el primer sal\u00f3n del c\u00f3mic los d\u00edas 27 y 28 de Septiembre. Re\u00fane todo lo referente a las tem\u00e1ticas del c\u00f3mic, los juegos de rol, juegos de mesa, los videojuegos, las series de televisi\u00f3n, cine, m\u00fasica, etc. Una completa programaci\u00f3n con eventos de todo tipo como &hellip; <a href=\"https:\/\/www.supertal.com\/?p=60\" class=\"more-link\">Seguir leyendo <span class=\"screen-reader-text\">Alic\u00f3mic: 1er. Sal\u00f3n del c\u00f3mic<\/span> <span class=\"meta-nav\">&rarr;<\/span><\/a><\/p>\n","protected":false},"author":1,"featured_media":0,"comment_status":"open","ping_status":"open","sticky":false,"template":"","format":"standard","meta":{"footnotes":""},"categories":[20],"tags":[],"class_list":["post-60","post","type-post","status-publish","format-standard","hentry","category-cosplay"],"_links":{"self":[{"href":"https:\/\/www.supertal.com\/index.php?rest_route=\/wp\/v2\/posts\/60"}],"collection":[{"href":"https:\/\/www.supertal.com\/index.php?rest_route=\/wp\/v2\/posts"}],"about":[{"href":"https:\/\/www.supertal.com\/index.php?rest_route=\/wp\/v2\/types\/post"}],"author":[{"embeddable":true,"href":"https:\/\/www.supertal.com\/index.php?rest_route=\/wp\/v2\/users\/1"}],"replies":[{"embeddable":true,"href":"https:\/\/www.supertal.com\/index.php?rest_route=%2Fwp%2Fv2%2Fcomments&post=60"}],"version-history":[{"count":3,"href":"https:\/\/www.supertal.com\/index.php?rest_route=\/wp\/v2\/posts\/60\/revisions"}],"predecessor-version":[{"id":63,"href":"https:\/\/www.supertal.com\/index.php?rest_route=\/wp\/v2\/posts\/60\/revisions\/63"}],"wp:attachment":[{"href":"https:\/\/www.supertal.com\/index.php?rest_route=%2Fwp%2Fv2%2Fmedia&parent=60"}],"wp:term":[{"taxonomy":"category","embeddable":true,"href":"https:\/\/www.supertal.com\/index.php?rest_route=%2Fwp%2Fv2%2Fcategories&post=60"},{"taxonomy":"post_tag","embeddable":true,"href":"https:\/\/www.supertal.com\/index.php?rest_route=%2Fwp%2Fv2%2Ftags&post=60"}],"curies":[{"name":"wp","href":"https:\/\/api.w.org\/{rel}","templated":true}]}}