{"id":57,"date":"2014-09-26T13:51:13","date_gmt":"2014-09-26T13:51:13","guid":{"rendered":"http:\/\/www.supertal.com\/?p=57"},"modified":"2014-10-03T21:06:20","modified_gmt":"2014-10-03T21:06:20","slug":"volvo-ocean-race-2","status":"publish","type":"post","link":"https:\/\/www.supertal.com\/?p=57","title":{"rendered":"Volvo Ocean Race"},"content":{"rendered":"<p>Mapfre va a ser el nuevo patrocinador del equipo Espa\u00f1ol de la Volvo Ocean Race.<\/p>\n<p><img decoding=\"async\" src=\"http:\/\/www.volvooceanrace.com\/static\/assets\/content_v2\/img\/footer-logo-1.png\" alt=\"Volvo Ocean Race\" \/><\/p>\n<p>Los componentes del equipo son:<\/p>\n<p>1. Iker Mart\u00ednez (ESP), patr\u00f3n.<br \/>\n2. Nicolas Lunven (FRA), navegante.<br \/>\n3. Xabi Fern\u00e1ndez (ESP), jefe de guardia.<br \/>\n4. Michel Desjoyeaux (FRA), jefe de guardia.<br \/>\n5. Andr\u00e9 Fonseca \u201cBochecha\u201d (BRA), jefe de guardia.<br \/>\n6. Rafa Trujillo (ESP), trimmer\/ca\u00f1a.<br \/>\n7. Anthony Marchand (FRA), trimmer\/ca\u00f1a. *Tripulante menor de 30 a\u00f1os.<br \/>\n8. Antonio \u201c\u00d1eti\u201d Cuervas-Mons (ESP), proa.<br \/>\n9. Carlos Hern\u00e1ndez (ESP), trimmer\/proa. *Tripulante menor de 30 a\u00f1os.<br \/>\n10. Sam Goodchild (ESP), trimmer\/proa. *Tripulante menor de 30 a\u00f1os.<br \/>\n11. Francisco Vignale (ARG), reportero a bordo.<\/p>\n<p><img decoding=\"async\" src=\"https:\/\/farm4.staticflickr.com\/3928\/15431171722_15c16e99a6.jpg\" alt=\"Mafre, patrocina el equipo Espa\u00f1ol\" width=\"200\"\/><\/p>\n<p>Entre ellos, Iker Mart\u00ednez y Xabi Fern\u00e1ndez fueron medallistas de oro en Atenas 2004 y plata en Beijing 2008 e intentar\u00e1n llevarse la que ser\u00eda la primera para Espa\u00f1a en la regata de vuelta al mundo por excelencia, y que estuvieron a punto de conquistar en la edici\u00f3n 2011-12. En aquella ocasi\u00f3n, y tras liderar la clasificaci\u00f3n durante ocho etapas, Groupama les arrebat\u00f3 el triunfo en el \u00faltimo momento. <\/p>\n","protected":false},"excerpt":{"rendered":"<p>Mapfre va a ser el nuevo patrocinador del equipo Espa\u00f1ol de la Volvo Ocean Race. Los componentes del equipo son: 1. Iker Mart\u00ednez (ESP), patr\u00f3n. 2. Nicolas Lunven (FRA), navegante. 3. Xabi Fern\u00e1ndez (ESP), jefe de guardia. 4. Michel Desjoyeaux (FRA), jefe de guardia. 5. Andr\u00e9 Fonseca \u201cBochecha\u201d (BRA), jefe de guardia. 6. Rafa Trujillo &hellip; <a href=\"https:\/\/www.supertal.com\/?p=57\" class=\"more-link\">Seguir leyendo <span class=\"screen-reader-text\">Volvo Ocean Race<\/span> <span class=\"meta-nav\">&rarr;<\/span><\/a><\/p>\n","protected":false},"author":1,"featured_media":0,"comment_status":"open","ping_status":"open","sticky":false,"template":"","format":"standard","meta":{"footnotes":""},"categories":[1],"tags":[],"class_list":["post-57","post","type-post","status-publish","format-standard","hentry","category-sin-categoria"],"_links":{"self":[{"href":"https:\/\/www.supertal.com\/index.php?rest_route=\/wp\/v2\/posts\/57"}],"collection":[{"href":"https:\/\/www.supertal.com\/index.php?rest_route=\/wp\/v2\/posts"}],"about":[{"href":"https:\/\/www.supertal.com\/index.php?rest_route=\/wp\/v2\/types\/post"}],"author":[{"embeddable":true,"href":"https:\/\/www.supertal.com\/index.php?rest_route=\/wp\/v2\/users\/1"}],"replies":[{"embeddable":true,"href":"https:\/\/www.supertal.com\/index.php?rest_route=%2Fwp%2Fv2%2Fcomments&post=57"}],"version-history":[{"count":5,"href":"https:\/\/www.supertal.com\/index.php?rest_route=\/wp\/v2\/posts\/57\/revisions"}],"predecessor-version":[{"id":104,"href":"https:\/\/www.supertal.com\/index.php?rest_route=\/wp\/v2\/posts\/57\/revisions\/104"}],"wp:attachment":[{"href":"https:\/\/www.supertal.com\/index.php?rest_route=%2Fwp%2Fv2%2Fmedia&parent=57"}],"wp:term":[{"taxonomy":"category","embeddable":true,"href":"https:\/\/www.supertal.com\/index.php?rest_route=%2Fwp%2Fv2%2Fcategories&post=57"},{"taxonomy":"post_tag","embeddable":true,"href":"https:\/\/www.supertal.com\/index.php?rest_route=%2Fwp%2Fv2%2Ftags&post=57"}],"curies":[{"name":"wp","href":"https:\/\/api.w.org\/{rel}","templated":true}]}}